{"id":18171,"date":"2025-08-20T08:48:39","date_gmt":"2025-08-20T08:48:39","guid":{"rendered":"https:\/\/worx.pt\/?p=18171"},"modified":"2025-08-20T08:48:39","modified_gmt":"2025-08-20T08:48:39","slug":"worx-e-jll-colocam-no-mercado-o-edificio-medialivre-referencia-no-setor-dos-media-em-lisboa","status":"publish","type":"post","link":"https:\/\/worx.pt\/en\/worx-e-jll-colocam-no-mercado-o-edificio-medialivre-referencia-no-setor-dos-media-em-lisboa\/","title":{"rendered":"Worx e JLL colocam no mercado o Edif\u00edcio Medialivre, refer\u00eancia no setor dos media em Lisboa"},"content":{"rendered":"<p>A Worx Real Estate Consultants e a JLL, anunciam a coloca\u00e7\u00e3o no mercado do Edif\u00edcio Medialivre, um im\u00f3vel de refer\u00eancia localizado em Benfica, Lisboa, conhecido por acolher algumas das mais importantes empresas de comunica\u00e7\u00e3o, em Portugal.<\/p>\n<p>Localizado na Rua Luciana Stegagno Picchio, n\u00ba 3, o Edif\u00edcio Medialivre destaca-se pelo seu design moderno e funcional, especialmente concebido para responder \u00e0s exig\u00eancias do setor dos media e das ind\u00fastrias criativas. Com amplas \u00e1reas em open space, est\u00fadios de produ\u00e7\u00e3o audiovisual, reda\u00e7\u00f5es colaborativas, salas de reuni\u00e3o e zonas de descanso, o edif\u00edcio oferece um ambiente de trabalho vers\u00e1til e eficiente.<\/p>\n<p>A sua excelente acessibilidade, com destaque para a proximidade \u00e0 esta\u00e7\u00e3o de metro do Col\u00e9gio Militar\/Luz, torna o Edif\u00edcio Medialivre uma op\u00e7\u00e3o atrativa para empresas que valorizam mobilidade, servi\u00e7os e uma envolvente urbana consolidada.<\/p>\n<p>Segundo Bernardo Martins, Senior Leasing Consultant da Worx, \u201cA localiza\u00e7\u00e3o estrat\u00e9gica do edif\u00edcio, junto aos principais acessos da cidade, aumenta significativamente o interesse por parte das empresas que procuram escrit\u00f3rios em Lisboa. A somar a este factor, o estado de entrega do espa\u00e7o representa uma excelente oportunidade para empresas que pretendam mudar de instala\u00e7\u00f5es sem incorrer em custos elevados, tornando esta uma solu\u00e7\u00e3o pr\u00e1tica e competitiva no mercado.\u201d<\/p>\n<p>Segundo Bernardo Vasconcelos, Head of Office Leasing da JLL, \u201cO edif\u00edcio MediaLivre disponibiliza um piso de escrit\u00f3rios com caracter\u00edsticas bastante valorizadas no mercado: Um fit out j\u00e1 preparado, que poder\u00e1 permitir uma adapta\u00e7\u00e3o r\u00e1pida e com maior efici\u00eancia de custos, bem como uma \u00e1rea por piso acima da m\u00e9dia, eficiente e com bastante luz natural. Acreditamos que este setup ser\u00e1 bastante valorizado por empresas nacionais e multinacionais que procurem um edif\u00edcio bem localizado e infraestruturado\u201d.<\/p>\n<p>O Edif\u00edcio Medialivre representa uma oportunidade \u00fanica para empresas que procuram um espa\u00e7o preparado para responder \u00e0s exig\u00eancias de um mercado din\u00e2mico e em constante evolu\u00e7\u00e3o. Combinando localiza\u00e7\u00e3o estrat\u00e9gica, infraestruturas de excel\u00eancia e um ambiente pensado para promover a criatividade e a colabora\u00e7\u00e3o, esta \u00e9 uma solu\u00e7\u00e3o de qualidade no mercado de escrit\u00f3rios de Lisboa.<\/p>\n","protected":false},"excerpt":{"rendered":"<p>A Worx Real Estate Consultants e a JLL, anunciam a coloca\u00e7\u00e3o no mercado do Edif\u00edcio Medialivre, um im\u00f3vel de refer\u00eancia localizado em Benfica, Lisboa, conhecido por acolher algumas das mais importantes empresas de comunica\u00e7\u00e3o, em Portugal. Localizado na Rua Luciana Stegagno Picchio, n\u00ba 3, o Edif\u00edcio Medialivre destaca-se pelo seu design moderno e funcional, especialmente [&hellip;]<\/p>\n","protected":false},"author":25,"featured_media":18153,"comment_status":"closed","ping_status":"closed","sticky":false,"template":"","format":"standard","meta":{"_acf_changed":false,"footnotes":""},"categories":[70],"tags":[],"class_list":["post-18171","post","type-post","status-publish","format-standard","has-post-thumbnail","hentry","category-agency-en"],"acf":[],"_links":{"self":[{"href":"https:\/\/worx.pt\/en\/wp-json\/wp\/v2\/posts\/18171","targetHints":{"allow":["GET"]}}],"collection":[{"href":"https:\/\/worx.pt\/en\/wp-json\/wp\/v2\/posts"}],"about":[{"href":"https:\/\/worx.pt\/en\/wp-json\/wp\/v2\/types\/post"}],"author":[{"embeddable":true,"href":"https:\/\/worx.pt\/en\/wp-json\/wp\/v2\/users\/25"}],"replies":[{"embeddable":true,"href":"https:\/\/worx.pt\/en\/wp-json\/wp\/v2\/comments?post=18171"}],"version-history":[{"count":1,"href":"https:\/\/worx.pt\/en\/wp-json\/wp\/v2\/posts\/18171\/revisions"}],"predecessor-version":[{"id":18172,"href":"https:\/\/worx.pt\/en\/wp-json\/wp\/v2\/posts\/18171\/revisions\/18172"}],"wp:featuredmedia":[{"embeddable":true,"href":"https:\/\/worx.pt\/en\/wp-json\/wp\/v2\/media\/18153"}],"wp:attachment":[{"href":"https:\/\/worx.pt\/en\/wp-json\/wp\/v2\/media?parent=18171"}],"wp:term":[{"taxonomy":"category","embeddable":true,"href":"https:\/\/worx.pt\/en\/wp-json\/wp\/v2\/categories?post=18171"},{"taxonomy":"post_tag","embeddable":true,"href":"https:\/\/worx.pt\/en\/wp-json\/wp\/v2\/tags?post=18171"}],"curies":[{"name":"wp","href":"https:\/\/api.w.org\/{rel}","templated":true}]}}